{"id":461,"date":"2020-08-11T15:44:39","date_gmt":"2020-08-11T13:44:39","guid":{"rendered":"https:\/\/le-pre-des-sources.com\/wp\/?p=461"},"modified":"2020-08-11T15:49:39","modified_gmt":"2020-08-11T13:49:39","slug":"blandine-et-christophe","status":"publish","type":"post","link":"https:\/\/le-pre-des-sources.com\/wp\/2020\/08\/11\/blandine-et-christophe\/","title":{"rendered":"Blandine et Christophe"},"content":{"rendered":"<p><strong>Du 25 au 8 ao\u00fbt 2020<\/strong><\/p>\n<p>Nous avons pass\u00e9 un tr\u00e8s agr\u00e9able dans ce g\u00eete (g\u00eete roche Veyrand) tr\u00e8s bien \u00e9quip\u00e9 et au calme ! Nous avons particuli\u00e8rement appr\u00e9ci\u00e9 les balades\u00a0 au d\u00e9part de Saint Pierre d&rsquo;Entremont (voir ke classeur fu g\u00eete) faciles, agr\u00e9ables par temps chaud, aux coups d&rsquo;\u0153il fort sypathiques (cCorbel, le cirque de Saint M\u00eame, le col du Granier &#8230;)<\/p>\n<p>Le monast\u00e8re de la Grande Chartreuse et son mus\u00e9e.<\/p>\n<p>La fromagerie d&rsquo;Entremont le Vieux et le boucher de Saint Pierre d&rsquo;Entremont.<\/p>\n<p>La rencontre avec Thierry MARTELON, sculpteur \u00e9poustouflant !<\/p>\n<p>L&rsquo;accueil de Bruno TALOUR et nos discussions tr\u00e8s enrichissantes.<\/p>\n<p>Nous repartons avec plein de souvenirs dans la t\u00eate et avec l&rsquo;envie de revenir.<\/p>\n ","protected":false},"excerpt":{"rendered":"<p>Du 25 au 8 ao\u00fbt 2020 Nous avons pass\u00e9 un tr\u00e8s agr\u00e9able dans ce g\u00eete (g\u00eete roche Veyrand) tr\u00e8s bien \u00e9quip\u00e9 et au calme ! Nous avons particuli\u00e8rement appr\u00e9ci\u00e9 les balades\u00a0 au d\u00e9part de Saint Pierre d&rsquo;Entremont (voir ke classeur fu g\u00eete) faciles, agr\u00e9ables par temps chaud, aux coups d&rsquo;\u0153il fort sypathiques (cCorbel, le cirque&hellip; <a class=\"more-link\" href=\"https:\/\/le-pre-des-sources.com\/wp\/2020\/08\/11\/blandine-et-christophe\/\">Poursuivre la lecture <span class=\"screen-reader-text\">Blandine et Christophe<\/span><\/a><\/p>\n","protected":false},"author":2,"featured_media":0,"comment_status":"open","ping_status":"open","sticky":false,"template":"","format":"standard","meta":{"footnotes":""},"categories":[19],"tags":[],"class_list":["post-461","post","type-post","status-publish","format-standard","hentry","category-le-livre-du-refuge","entry"],"yoast_head":"<!-- This site is optimized with the Yoast SEO plugin v27.5 - https:\/\/yoast.com\/product\/yoast-seo-wordpress\/ -->\n<title>Blandine et Christophe - Les g\u00eetes du Pr\u00e9 des sources<\/title>\n<meta name=\"robots\" content=\"index, follow, max-snippet:-1, max-image-preview:large, max-video-preview:-1\" \/>\n<link rel=\"canonical\" href=\"https:\/\/le-pre-des-sources.com\/wp\/2020\/08\/11\/blandine-et-christophe\/\" \/>\n<meta property=\"og:locale\" content=\"fr_FR\" \/>\n<meta property=\"og:type\" content=\"article\" \/>\n<meta property=\"og:title\" content=\"Blandine et Christophe - Les g\u00eetes du Pr\u00e9 des sources\" \/>\n<meta property=\"og:description\" content=\"Du 25 au 8 ao\u00fbt 2020 Nous avons pass\u00e9 un tr\u00e8s agr\u00e9able dans ce g\u00eete (g\u00eete roche Veyrand) tr\u00e8s bien \u00e9quip\u00e9 et au calme ! Nous avons particuli\u00e8rement appr\u00e9ci\u00e9 les balades\u00a0 au d\u00e9part de Saint Pierre d&rsquo;Entremont (voir ke classeur fu g\u00eete) faciles, agr\u00e9ables par temps chaud, aux coups d&rsquo;\u0153il fort sypathiques (cCorbel, le cirque&hellip; Poursuivre la lecture Blandine et Christophe\" \/>\n<meta property=\"og:url\" content=\"https:\/\/le-pre-des-sources.com\/wp\/2020\/08\/11\/blandine-et-christophe\/\" \/>\n<meta property=\"og:site_name\" content=\"Les g\u00eetes du Pr\u00e9 des sources\" \/>\n<meta property=\"article:published_time\" content=\"2020-08-11T13:44:39+00:00\" \/>\n<meta property=\"article:modified_time\" content=\"2020-08-11T13:49:39+00:00\" \/>\n<meta name=\"author\" content=\"Bruno TALOUR\" \/>\n<meta name=\"twitter:card\" content=\"summary_large_image\" \/>\n<meta name=\"twitter:label1\" content=\"\u00c9crit par\" \/>\n\t<meta name=\"twitter:data1\" content=\"Bruno TALOUR\" \/>\n\t<meta name=\"twitter:label2\" content=\"Dur\u00e9e de lecture estim\u00e9e\" \/>\n\t<meta name=\"twitter:data2\" content=\"1 minute\" \/>\n<script type=\"application\/ld+json\" class=\"yoast-schema-graph\">{\"@context\":\"https:\\\/\\\/schema.org\",\"@graph\":[{\"@type\":\"Article\",\"@id\":\"https:\\\/\\\/le-pre-des-sources.com\\\/wp\\\/2020\\\/08\\\/11\\\/blandine-et-christophe\\\/#article\",\"isPartOf\":{\"@id\":\"https:\\\/\\\/le-pre-des-sources.com\\\/wp\\\/2020\\\/08\\\/11\\\/blandine-et-christophe\\\/\"},\"author\":{\"name\":\"Bruno TALOUR\",\"@id\":\"https:\\\/\\\/le-pre-des-sources.com\\\/wp\\\/#\\\/schema\\\/person\\\/6e09375fcbe2620dbac534a273a5fc30\"},\"headline\":\"Blandine et Christophe\",\"datePublished\":\"2020-08-11T13:44:39+00:00\",\"dateModified\":\"2020-08-11T13:49:39+00:00\",\"mainEntityOfPage\":{\"@id\":\"https:\\\/\\\/le-pre-des-sources.com\\\/wp\\\/2020\\\/08\\\/11\\\/blandine-et-christophe\\\/\"},\"wordCount\":134,\"commentCount\":0,\"articleSection\":[\"Le livre du refuge\"],\"inLanguage\":\"fr-FR\",\"potentialAction\":[{\"@type\":\"CommentAction\",\"name\":\"Comment\",\"target\":[\"https:\\\/\\\/le-pre-des-sources.com\\\/wp\\\/2020\\\/08\\\/11\\\/blandine-et-christophe\\\/#respond\"]}]},{\"@type\":\"WebPage\",\"@id\":\"https:\\\/\\\/le-pre-des-sources.com\\\/wp\\\/2020\\\/08\\\/11\\\/blandine-et-christophe\\\/\",\"url\":\"https:\\\/\\\/le-pre-des-sources.com\\\/wp\\\/2020\\\/08\\\/11\\\/blandine-et-christophe\\\/\",\"name\":\"Blandine et Christophe - Les g\u00eetes du Pr\u00e9 des sources\",\"isPartOf\":{\"@id\":\"https:\\\/\\\/le-pre-des-sources.com\\\/wp\\\/#website\"},\"datePublished\":\"2020-08-11T13:44:39+00:00\",\"dateModified\":\"2020-08-11T13:49:39+00:00\",\"author\":{\"@id\":\"https:\\\/\\\/le-pre-des-sources.com\\\/wp\\\/#\\\/schema\\\/person\\\/6e09375fcbe2620dbac534a273a5fc30\"},\"breadcrumb\":{\"@id\":\"https:\\\/\\\/le-pre-des-sources.com\\\/wp\\\/2020\\\/08\\\/11\\\/blandine-et-christophe\\\/#breadcrumb\"},\"inLanguage\":\"fr-FR\",\"potentialAction\":[{\"@type\":\"ReadAction\",\"target\":[\"https:\\\/\\\/le-pre-des-sources.com\\\/wp\\\/2020\\\/08\\\/11\\\/blandine-et-christophe\\\/\"]}]},{\"@type\":\"BreadcrumbList\",\"@id\":\"https:\\\/\\\/le-pre-des-sources.com\\\/wp\\\/2020\\\/08\\\/11\\\/blandine-et-christophe\\\/#breadcrumb\",\"itemListElement\":[{\"@type\":\"ListItem\",\"position\":1,\"name\":\"Accueil\",\"item\":\"https:\\\/\\\/le-pre-des-sources.com\\\/wp\\\/\"},{\"@type\":\"ListItem\",\"position\":2,\"name\":\"Blandine et Christophe\"}]},{\"@type\":\"WebSite\",\"@id\":\"https:\\\/\\\/le-pre-des-sources.com\\\/wp\\\/#website\",\"url\":\"https:\\\/\\\/le-pre-des-sources.com\\\/wp\\\/\",\"name\":\"Les g\u00eetes du Pr\u00e9 des Sources\",\"description\":\"Site des g\u00eetes du Pr\u00e9 des sources.\",\"potentialAction\":[{\"@type\":\"SearchAction\",\"target\":{\"@type\":\"EntryPoint\",\"urlTemplate\":\"https:\\\/\\\/le-pre-des-sources.com\\\/wp\\\/?s={search_term_string}\"},\"query-input\":{\"@type\":\"PropertyValueSpecification\",\"valueRequired\":true,\"valueName\":\"search_term_string\"}}],\"inLanguage\":\"fr-FR\"},{\"@type\":\"Person\",\"@id\":\"https:\\\/\\\/le-pre-des-sources.com\\\/wp\\\/#\\\/schema\\\/person\\\/6e09375fcbe2620dbac534a273a5fc30\",\"name\":\"Bruno TALOUR\",\"image\":{\"@type\":\"ImageObject\",\"inLanguage\":\"fr-FR\",\"@id\":\"https:\\\/\\\/secure.gravatar.com\\\/avatar\\\/0b0a34c959b5320956c4c32b7011ffae714043d0515359230347561482c44df5?s=96&d=mm&r=g\",\"url\":\"https:\\\/\\\/secure.gravatar.com\\\/avatar\\\/0b0a34c959b5320956c4c32b7011ffae714043d0515359230347561482c44df5?s=96&d=mm&r=g\",\"contentUrl\":\"https:\\\/\\\/secure.gravatar.com\\\/avatar\\\/0b0a34c959b5320956c4c32b7011ffae714043d0515359230347561482c44df5?s=96&d=mm&r=g\",\"caption\":\"Bruno TALOUR\"}}]}<\/script>\n<!-- \/ Yoast SEO plugin. -->","yoast_head_json":{"title":"Blandine et Christophe - Les g\u00eetes du Pr\u00e9 des sources","robots":{"index":"index","follow":"follow","max-snippet":"max-snippet:-1","max-image-preview":"max-image-preview:large","max-video-preview":"max-video-preview:-1"},"canonical":"https:\/\/le-pre-des-sources.com\/wp\/2020\/08\/11\/blandine-et-christophe\/","og_locale":"fr_FR","og_type":"article","og_title":"Blandine et Christophe - Les g\u00eetes du Pr\u00e9 des sources","og_description":"Du 25 au 8 ao\u00fbt 2020 Nous avons pass\u00e9 un tr\u00e8s agr\u00e9able dans ce g\u00eete (g\u00eete roche Veyrand) tr\u00e8s bien \u00e9quip\u00e9 et au calme ! Nous avons particuli\u00e8rement appr\u00e9ci\u00e9 les balades\u00a0 au d\u00e9part de Saint Pierre d&rsquo;Entremont (voir ke classeur fu g\u00eete) faciles, agr\u00e9ables par temps chaud, aux coups d&rsquo;\u0153il fort sypathiques (cCorbel, le cirque&hellip; Poursuivre la lecture Blandine et Christophe","og_url":"https:\/\/le-pre-des-sources.com\/wp\/2020\/08\/11\/blandine-et-christophe\/","og_site_name":"Les g\u00eetes du Pr\u00e9 des sources","article_published_time":"2020-08-11T13:44:39+00:00","article_modified_time":"2020-08-11T13:49:39+00:00","author":"Bruno TALOUR","twitter_card":"summary_large_image","twitter_misc":{"\u00c9crit par":"Bruno TALOUR","Dur\u00e9e de lecture estim\u00e9e":"1 minute"},"schema":{"@context":"https:\/\/schema.org","@graph":[{"@type":"Article","@id":"https:\/\/le-pre-des-sources.com\/wp\/2020\/08\/11\/blandine-et-christophe\/#article","isPartOf":{"@id":"https:\/\/le-pre-des-sources.com\/wp\/2020\/08\/11\/blandine-et-christophe\/"},"author":{"name":"Bruno TALOUR","@id":"https:\/\/le-pre-des-sources.com\/wp\/#\/schema\/person\/6e09375fcbe2620dbac534a273a5fc30"},"headline":"Blandine et Christophe","datePublished":"2020-08-11T13:44:39+00:00","dateModified":"2020-08-11T13:49:39+00:00","mainEntityOfPage":{"@id":"https:\/\/le-pre-des-sources.com\/wp\/2020\/08\/11\/blandine-et-christophe\/"},"wordCount":134,"commentCount":0,"articleSection":["Le livre du refuge"],"inLanguage":"fr-FR","potentialAction":[{"@type":"CommentAction","name":"Comment","target":["https:\/\/le-pre-des-sources.com\/wp\/2020\/08\/11\/blandine-et-christophe\/#respond"]}]},{"@type":"WebPage","@id":"https:\/\/le-pre-des-sources.com\/wp\/2020\/08\/11\/blandine-et-christophe\/","url":"https:\/\/le-pre-des-sources.com\/wp\/2020\/08\/11\/blandine-et-christophe\/","name":"Blandine et Christophe - Les g\u00eetes du Pr\u00e9 des sources","isPartOf":{"@id":"https:\/\/le-pre-des-sources.com\/wp\/#website"},"datePublished":"2020-08-11T13:44:39+00:00","dateModified":"2020-08-11T13:49:39+00:00","author":{"@id":"https:\/\/le-pre-des-sources.com\/wp\/#\/schema\/person\/6e09375fcbe2620dbac534a273a5fc30"},"breadcrumb":{"@id":"https:\/\/le-pre-des-sources.com\/wp\/2020\/08\/11\/blandine-et-christophe\/#breadcrumb"},"inLanguage":"fr-FR","potentialAction":[{"@type":"ReadAction","target":["https:\/\/le-pre-des-sources.com\/wp\/2020\/08\/11\/blandine-et-christophe\/"]}]},{"@type":"BreadcrumbList","@id":"https:\/\/le-pre-des-sources.com\/wp\/2020\/08\/11\/blandine-et-christophe\/#breadcrumb","itemListElement":[{"@type":"ListItem","position":1,"name":"Accueil","item":"https:\/\/le-pre-des-sources.com\/wp\/"},{"@type":"ListItem","position":2,"name":"Blandine et Christophe"}]},{"@type":"WebSite","@id":"https:\/\/le-pre-des-sources.com\/wp\/#website","url":"https:\/\/le-pre-des-sources.com\/wp\/","name":"Les g\u00eetes du Pr\u00e9 des Sources","description":"Site des g\u00eetes du Pr\u00e9 des sources.","potentialAction":[{"@type":"SearchAction","target":{"@type":"EntryPoint","urlTemplate":"https:\/\/le-pre-des-sources.com\/wp\/?s={search_term_string}"},"query-input":{"@type":"PropertyValueSpecification","valueRequired":true,"valueName":"search_term_string"}}],"inLanguage":"fr-FR"},{"@type":"Person","@id":"https:\/\/le-pre-des-sources.com\/wp\/#\/schema\/person\/6e09375fcbe2620dbac534a273a5fc30","name":"Bruno TALOUR","image":{"@type":"ImageObject","inLanguage":"fr-FR","@id":"https:\/\/secure.gravatar.com\/avatar\/0b0a34c959b5320956c4c32b7011ffae714043d0515359230347561482c44df5?s=96&d=mm&r=g","url":"https:\/\/secure.gravatar.com\/avatar\/0b0a34c959b5320956c4c32b7011ffae714043d0515359230347561482c44df5?s=96&d=mm&r=g","contentUrl":"https:\/\/secure.gravatar.com\/avatar\/0b0a34c959b5320956c4c32b7011ffae714043d0515359230347561482c44df5?s=96&d=mm&r=g","caption":"Bruno TALOUR"}}]}},"_links":{"self":[{"href":"https:\/\/le-pre-des-sources.com\/wp\/wp-json\/wp\/v2\/posts\/461","targetHints":{"allow":["GET"]}}],"collection":[{"href":"https:\/\/le-pre-des-sources.com\/wp\/wp-json\/wp\/v2\/posts"}],"about":[{"href":"https:\/\/le-pre-des-sources.com\/wp\/wp-json\/wp\/v2\/types\/post"}],"author":[{"embeddable":true,"href":"https:\/\/le-pre-des-sources.com\/wp\/wp-json\/wp\/v2\/users\/2"}],"replies":[{"embeddable":true,"href":"https:\/\/le-pre-des-sources.com\/wp\/wp-json\/wp\/v2\/comments?post=461"}],"version-history":[{"count":4,"href":"https:\/\/le-pre-des-sources.com\/wp\/wp-json\/wp\/v2\/posts\/461\/revisions"}],"predecessor-version":[{"id":465,"href":"https:\/\/le-pre-des-sources.com\/wp\/wp-json\/wp\/v2\/posts\/461\/revisions\/465"}],"wp:attachment":[{"href":"https:\/\/le-pre-des-sources.com\/wp\/wp-json\/wp\/v2\/media?parent=461"}],"wp:term":[{"taxonomy":"category","embeddable":true,"href":"https:\/\/le-pre-des-sources.com\/wp\/wp-json\/wp\/v2\/categories?post=461"},{"taxonomy":"post_tag","embeddable":true,"href":"https:\/\/le-pre-des-sources.com\/wp\/wp-json\/wp\/v2\/tags?post=461"}],"curies":[{"name":"wp","href":"https:\/\/api.w.org\/{rel}","templated":true}]}}